{"id":2238,"date":"2025-05-08T12:55:27","date_gmt":"2025-05-08T12:55:27","guid":{"rendered":"https:\/\/www.aep.energy\/?p=2238"},"modified":"2025-05-08T12:55:28","modified_gmt":"2025-05-08T12:55:28","slug":"intersolar-europe-2025","status":"publish","type":"post","link":"https:\/\/www.aep.energy\/en\/blog\/intersolar-europe-2025\/","title":{"rendered":"Intersolar Europe 2025"},"content":{"rendered":"<div class=\"wpb-content-wrapper\"><p>[vc_row][vc_column width=&#8221;1\/1&#8243;][vc_row_inner row_inner_height_percent=&#8221;0&#8243; overlay_alpha=&#8221;50&#8243; equal_height=&#8221;yes&#8221; gutter_size=&#8221;4&#8243; shift_y=&#8221;0&#8243; z_index=&#8221;0&#8243; uncode_shortcode_id=&#8221;150066&#8243;][vc_column_inner column_width_percent=&#8221;100&#8243; gutter_size=&#8221;2&#8243; overlay_alpha=&#8221;50&#8243; shift_x=&#8221;0&#8243; shift_y=&#8221;0&#8243; shift_y_down=&#8221;0&#8243; z_index=&#8221;0&#8243; medium_width=&#8221;0&#8243; mobile_width=&#8221;0&#8243; width=&#8221;2\/3&#8243; uncode_shortcode_id=&#8221;108861&#8243;][vc_column_text uncode_shortcode_id=&#8221;182013&#8243;]From May 7 to 9, 2025, the international solar industry will meet in Munich for Intersolar Europe, the world&#8217;s leading trade fair for the solar industry. AEP will also be there with a team to get to know and actively shape new technologies, pioneering trends and forward-looking partnerships.[\/vc_column_text][vc_empty_space empty_h=&#8221;2&#8243;][vc_custom_heading heading_semantic=&#8221;h3&#8243; text_size=&#8221;h3&#8243; uncode_shortcode_id=&#8221;112452&#8243;]Why we are at the Intersolar[\/vc_custom_heading][vc_column_text uncode_shortcode_id=&#8221;115309&#8243;]For us as AEP, it is crucial to keep our finger on the pulse of innovation &#8211; because this is the only way we can offer our customers future-proof and economical solutions in the areas of photovoltaics, storage, e-mobility and energy communities. Intersolar is the perfect platform for this: here we meet manufacturers, developers and service providers from all over the world with whom we can work together on the energy transition.[\/vc_column_text][\/vc_column_inner][vc_column_inner column_width_percent=&#8221;100&#8243; position_vertical=&#8221;middle&#8221; gutter_size=&#8221;3&#8243; overlay_alpha=&#8221;50&#8243; shift_x=&#8221;0&#8243; shift_y=&#8221;0&#8243; shift_y_down=&#8221;0&#8243; z_index=&#8221;0&#8243; medium_width=&#8221;0&#8243; mobile_width=&#8221;0&#8243; width=&#8221;1\/3&#8243; uncode_shortcode_id=&#8221;791155&#8243;][vc_single_image media=&#8221;2244&#8243; caption=&#8221;yes&#8221; media_lightbox=&#8221;yes&#8221; media_width_percent=&#8221;100&#8243; uncode_shortcode_id=&#8221;411893&#8243;][\/vc_column_inner][\/vc_row_inner][\/vc_column][\/vc_row][vc_row][vc_column width=&#8221;1\/1&#8243;][vc_row_inner row_inner_height_percent=&#8221;0&#8243; overlay_alpha=&#8221;50&#8243; gutter_size=&#8221;4&#8243; shift_y=&#8221;0&#8243; z_index=&#8221;0&#8243; uncode_shortcode_id=&#8221;131053&#8243;][vc_column_inner column_width_percent=&#8221;100&#8243; gutter_size=&#8221;2&#8243; overlay_alpha=&#8221;50&#8243; shift_x=&#8221;0&#8243; shift_y=&#8221;0&#8243; shift_y_down=&#8221;0&#8243; z_index=&#8221;0&#8243; medium_width=&#8221;0&#8243; mobile_width=&#8221;0&#8243; width=&#8221;2\/3&#8243; uncode_shortcode_id=&#8221;129373&#8243;][vc_custom_heading heading_semantic=&#8221;h3&#8243; text_size=&#8221;h3&#8243; uncode_shortcode_id=&#8221;243180&#8243;]What we intend to do[\/vc_custom_heading][vc_column_text uncode_shortcode_id=&#8221;176657&#8243;]Our three-day visit to the trade fair is intensively planned:[\/vc_column_text][uncode_list icon=&#8221;fa fa-check&#8221; icon_color=&#8221;accent&#8221; uncode_shortcode_id=&#8221;135272&#8243; icon_color_type=&#8221;uncode-palette&#8221;]<\/p>\n<ul>\n<li>Wir tauschen uns mit f\u00fchrenden Anbietern \u00fcber neue Technologien in der Solar- und Speichertechnik aus.<\/li>\n<li>Wir sondieren Partnerschaften, die unsere L\u00f6sungen weiter st\u00e4rken \u2013 insbesondere im Bereich Solar-Carports, Wallboxen und integrierter Speicherl\u00f6sungen.<\/li>\n<li>Wir nutzen die Gelegenheit, die AEP als innovativen L\u00f6sungspartner f\u00fcr Unternehmen, Gemeinden und \u00f6ffentliche Einrichtungen zu pr\u00e4sentieren.<\/li>\n<\/ul>\n<p>[\/uncode_list][\/vc_column_inner][vc_column_inner column_width_percent=&#8221;100&#8243; position_vertical=&#8221;middle&#8221; gutter_size=&#8221;3&#8243; overlay_alpha=&#8221;50&#8243; shift_x=&#8221;0&#8243; shift_y=&#8221;0&#8243; shift_y_down=&#8221;0&#8243; z_index=&#8221;0&#8243; medium_width=&#8221;0&#8243; mobile_width=&#8221;0&#8243; width=&#8221;1\/3&#8243; uncode_shortcode_id=&#8221;141735&#8243;][vc_single_image media=&#8221;2250&#8243; caption=&#8221;yes&#8221; media_lightbox=&#8221;yes&#8221; media_width_percent=&#8221;100&#8243; uncode_shortcode_id=&#8221;853373&#8243;][\/vc_column_inner][\/vc_row_inner][\/vc_column][\/vc_row][vc_row unlock_row=&#8221;&#8221; row_height_percent=&#8221;0&#8243; override_padding=&#8221;yes&#8221; h_padding=&#8221;0&#8243; top_padding=&#8221;2&#8243; bottom_padding=&#8221;2&#8243; overlay_alpha=&#8221;50&#8243; gutter_size=&#8221;3&#8243; column_width_percent=&#8221;100&#8243; shift_y=&#8221;0&#8243; z_index=&#8221;0&#8243; content_parallax=&#8221;0&#8243; uncode_shortcode_id=&#8221;280107&#8243;][vc_column column_width_percent=&#8221;100&#8243; gutter_size=&#8221;3&#8243; back_color=&#8221;color-lxmt&#8221; overlay_alpha=&#8221;50&#8243; radius=&#8221;std&#8221; shift_x=&#8221;0&#8243; shift_y=&#8221;0&#8243; shift_y_down=&#8221;0&#8243; z_index=&#8221;0&#8243; medium_width=&#8221;0&#8243; mobile_width=&#8221;0&#8243; width=&#8221;1\/1&#8243; uncode_shortcode_id=&#8221;356093&#8243; back_color_type=&#8221;uncode-palette&#8221;][vc_row_inner row_inner_height_percent=&#8221;0&#8243; overlay_alpha=&#8221;50&#8243; equal_height=&#8221;yes&#8221; gutter_size=&#8221;3&#8243; shift_y=&#8221;0&#8243; z_index=&#8221;0&#8243; uncode_shortcode_id=&#8221;424300&#8243;][vc_column_inner column_width_percent=&#8221;50&#8243; position_horizontal=&#8221;right&#8221; position_vertical=&#8221;middle&#8221; align_horizontal=&#8221;align_right&#8221; gutter_size=&#8221;3&#8243; overlay_alpha=&#8221;50&#8243; shift_x=&#8221;0&#8243; shift_y=&#8221;0&#8243; shift_y_down=&#8221;0&#8243; z_index=&#8221;0&#8243; medium_width=&#8221;0&#8243; mobile_width=&#8221;0&#8243; width=&#8221;1\/3&#8243; uncode_shortcode_id=&#8221;197262&#8243;][vc_single_image media=&#8221;1404&#8243; media_width_percent=&#8221;100&#8243; media_ratio=&#8221;one-one&#8221; shape=&#8221;img-circle&#8221; uncode_shortcode_id=&#8221;167618&#8243;][\/vc_column_inner][vc_column_inner column_width_percent=&#8221;100&#8243; position_vertical=&#8221;middle&#8221; gutter_size=&#8221;0&#8243; overlay_alpha=&#8221;50&#8243; shift_x=&#8221;0&#8243; shift_y=&#8221;0&#8243; shift_y_down=&#8221;0&#8243; z_index=&#8221;0&#8243; medium_width=&#8221;0&#8243; mobile_width=&#8221;0&#8243; width=&#8221;2\/3&#8243; uncode_shortcode_id=&#8221;633955&#8243;][vc_column_text text_color=&#8221;accent&#8221; uncode_shortcode_id=&#8221;439988&#8243; text_color_type=&#8221;uncode-palette&#8221;]CEO &#8211; AEP H2 GmbH[\/vc_column_text][vc_custom_heading text_color=&#8221;color-wvjs&#8221; heading_semantic=&#8221;h3&#8243; text_size=&#8221;h3&#8243; uncode_shortcode_id=&#8221;410154&#8243; text_color_type=&#8221;uncode-palette&#8221;]Gerald Wirtl[\/vc_custom_heading][vc_empty_space empty_h=&#8221;2&#8243;][vc_column_text text_lead=&#8221;yes&#8221; uncode_shortcode_id=&#8221;733437&#8243;]<\/p>\n<blockquote>\n<p>\u201eDie Intersolar ist f\u00fcr uns mehr als eine Messe \u2013 sie ist der Ort, an dem wir Innovationen entdecken, Menschen vernetzen und neue Partnerschaften formen. Unser Ziel ist es, gemeinsam mit starken Partnern die Energiewende aktiv voranzutreiben.\u201c<\/p>\n<\/blockquote>\n<p>[\/vc_column_text][\/vc_column_inner][\/vc_row_inner][\/vc_column][\/vc_row][vc_row][vc_column column_width_percent=&#8221;100&#8243; gutter_size=&#8221;1&#8243; overlay_alpha=&#8221;50&#8243; shift_x=&#8221;0&#8243; shift_y=&#8221;0&#8243; shift_y_down=&#8221;0&#8243; z_index=&#8221;0&#8243; medium_width=&#8221;0&#8243; mobile_width=&#8221;0&#8243; width=&#8221;1\/1&#8243; uncode_shortcode_id=&#8221;147712&#8243;][vc_row_inner][vc_column_inner column_width_percent=&#8221;100&#8243; gutter_size=&#8221;2&#8243; overlay_alpha=&#8221;50&#8243; shift_x=&#8221;0&#8243; shift_y=&#8221;0&#8243; shift_y_down=&#8221;0&#8243; z_index=&#8221;0&#8243; medium_width=&#8221;0&#8243; mobile_width=&#8221;0&#8243; width=&#8221;1\/2&#8243; uncode_shortcode_id=&#8221;101673&#8243;][vc_custom_heading heading_semantic=&#8221;h3&#8243; text_size=&#8221;h3&#8243; uncode_shortcode_id=&#8221;463123&#8243;]Looking ahead[\/vc_custom_heading][vc_column_text uncode_shortcode_id=&#8221;568272&#8243;]By participating in Intersolar Europe 2025, AEP is sending out a clear signal: We are actively shaping the future of energy. The challenges of the energy transition require not only technological excellence, but also strategic partnerships, innovative business models and a deep understanding of the needs of companies, communities and public institutions.[\/vc_column_text][vc_column_text uncode_shortcode_id=&#8221;127444&#8243;]Our vision is to offer integrated energy solutions that are not only ecologically but also economically convincing. We think holistically &#8211; from photovoltaics and storage solutions to e-mobility and energy communities. The discussions and impulses at Intersolar help us to further network our solutions and transform them into future-proof concepts.[\/vc_column_text][vc_column_text uncode_shortcode_id=&#8221;969379&#8243;]<strong>We are convinced that the future of energy is created through dialog &#8211; with technology, with people, with responsibility<\/strong>. Intersolar offers the ideal platform for this. We look forward to inspiring encounters, new impulses and concrete next steps to accelerate the path to a sustainable energy supply together with partners.[\/vc_column_text][\/vc_column_inner][vc_column_inner width=&#8221;1\/2&#8243;][vc_single_image media=&#8221;2256&#8243; caption=&#8221;yes&#8221; media_lightbox=&#8221;yes&#8221; media_width_percent=&#8221;100&#8243; uncode_shortcode_id=&#8221;180719&#8243;][\/vc_column_inner][\/vc_row_inner][\/vc_column][\/vc_row][vc_row row_height_percent=&#8221;0&#8243; override_padding=&#8221;yes&#8221; h_padding=&#8221;2&#8243; top_padding=&#8221;2&#8243; bottom_padding=&#8221;4&#8243; overlay_alpha=&#8221;50&#8243; gutter_size=&#8221;3&#8243; column_width_percent=&#8221;100&#8243; shift_y=&#8221;0&#8243; z_index=&#8221;0&#8243; content_parallax=&#8221;0&#8243; uncode_shortcode_id=&#8221;102817&#8243;][vc_column width=&#8221;1\/1&#8243;][vc_column_text uncode_shortcode_id=&#8221;119305&#8243;]\ud83d\udce2 Stay informed! Visit our website regularly for updates on construction progress and other exciting projects.[\/vc_column_text][\/vc_column][\/vc_row][vc_row][vc_column width=&#8221;1\/1&#8243;][uncode_block id=&#8221;451&#8243;][\/vc_column][\/vc_row]<\/p>\n<\/div>","protected":false},"excerpt":{"rendered":"<p>The energy world is on the move &#8211; and Intersolar Europe 2025 will show where the journey is heading. As the leading trade fair for solar technology, storage solutions and sustainable energy concepts, it is the central meeting place for everyone involved in the energy transition. AEP is in the thick of it instead of just being there: our team will be on site in Munich for three days to discover innovations, strengthen partnerships and gather new ideas for our work.  <\/p>\n","protected":false},"author":1,"featured_media":2245,"comment_status":"closed","ping_status":"closed","sticky":false,"template":"","format":"standard","meta":{"footnotes":""},"categories":[50],"tags":[],"class_list":["post-2238","post","type-post","status-publish","format-standard","has-post-thumbnail","hentry","category-general"],"yoast_head":"<!-- This site is optimized with the Yoast SEO plugin v28.4 - https:\/\/yoast.com\/product\/yoast-seo-wordpress\/ -->\n<title>Intersolar Europe 2025 - AEP H2 GmbH<\/title>\n<meta name=\"description\" content=\"The energy world is on the move - and Intersolar Europe 2025 will show where the journey is heading. As the leading trade fair for solar technology, storage solutions and sustainable energy concepts, it is the central meeting place for everyone involved in the energy transition. AEP is in the thick of it instead of just being there: our team will be on site in Munich for three days to discover innovations, strengthen partnerships and gather new ideas for our work.\" \/>\n<meta name=\"robots\" content=\"index, follow, max-snippet:-1, max-image-preview:large, max-video-preview:-1\" \/>\n<link rel=\"canonical\" href=\"https:\/\/www.aep.energy\/en\/blog\/intersolar-europe-2025\/\" \/>\n<meta property=\"og:locale\" content=\"en_US\" \/>\n<meta property=\"og:type\" content=\"article\" \/>\n<meta property=\"og:title\" content=\"Intersolar Europe 2025 - AEP H2 GmbH\" \/>\n<meta property=\"og:description\" content=\"The energy world is on the move - and Intersolar Europe 2025 will show where the journey is heading. As the leading trade fair for solar technology, storage solutions and sustainable energy concepts, it is the central meeting place for everyone involved in the energy transition. AEP is in the thick of it instead of just being there: our team will be on site in Munich for three days to discover innovations, strengthen partnerships and gather new ideas for our work.\" \/>\n<meta property=\"og:url\" content=\"https:\/\/www.aep.energy\/en\/blog\/intersolar-europe-2025\/\" \/>\n<meta property=\"og:site_name\" content=\"AEP H2 GmbH\" \/>\n<meta property=\"article:publisher\" content=\"https:\/\/www.facebook.com\/AEPH2GmbH\" \/>\n<meta property=\"article:published_time\" content=\"2025-05-08T12:55:27+00:00\" \/>\n<meta property=\"article:modified_time\" content=\"2025-05-08T12:55:28+00:00\" \/>\n<meta property=\"og:image\" content=\"https:\/\/www.aep.energy\/wp-content\/uploads\/2025\/05\/InterSolar-2025-10.jpeg\" \/>\n\t<meta property=\"og:image:width\" content=\"2048\" \/>\n\t<meta property=\"og:image:height\" content=\"1536\" \/>\n\t<meta property=\"og:image:type\" content=\"image\/jpeg\" \/>\n<meta name=\"author\" content=\"jhiesberger\" \/>\n<meta name=\"twitter:card\" content=\"summary_large_image\" \/>\n<meta name=\"twitter:label1\" content=\"Written by\" \/>\n\t<meta name=\"twitter:data1\" content=\"jhiesberger\" \/>\n\t<meta name=\"twitter:label2\" content=\"Est. reading time\" \/>\n\t<meta name=\"twitter:data2\" content=\"6 minutes\" \/>\n<script type=\"application\/ld+json\" class=\"yoast-schema-graph\">{\"@context\":\"https:\\\/\\\/schema.org\",\"@graph\":[{\"@type\":\"Article\",\"@id\":\"https:\\\/\\\/www.aep.energy\\\/en\\\/blog\\\/intersolar-europe-2025\\\/#article\",\"isPartOf\":{\"@id\":\"https:\\\/\\\/www.aep.energy\\\/en\\\/blog\\\/intersolar-europe-2025\\\/\"},\"author\":{\"name\":\"jhiesberger\",\"@id\":\"https:\\\/\\\/www.aep.energy\\\/en\\\/#\\\/schema\\\/person\\\/4762f0add147ebe0af43704bd33633a1\"},\"headline\":\"Intersolar Europe 2025\",\"datePublished\":\"2025-05-08T12:55:27+00:00\",\"dateModified\":\"2025-05-08T12:55:28+00:00\",\"mainEntityOfPage\":{\"@id\":\"https:\\\/\\\/www.aep.energy\\\/en\\\/blog\\\/intersolar-europe-2025\\\/\"},\"wordCount\":1134,\"publisher\":{\"@id\":\"https:\\\/\\\/www.aep.energy\\\/en\\\/#organization\"},\"image\":{\"@id\":\"https:\\\/\\\/www.aep.energy\\\/en\\\/blog\\\/intersolar-europe-2025\\\/#primaryimage\"},\"thumbnailUrl\":\"https:\\\/\\\/www.aep.energy\\\/wp-content\\\/uploads\\\/2025\\\/05\\\/InterSolar-2025-10.jpeg\",\"articleSection\":[\"General\"],\"inLanguage\":\"en-US\"},{\"@type\":\"WebPage\",\"@id\":\"https:\\\/\\\/www.aep.energy\\\/en\\\/blog\\\/intersolar-europe-2025\\\/\",\"url\":\"https:\\\/\\\/www.aep.energy\\\/en\\\/blog\\\/intersolar-europe-2025\\\/\",\"name\":\"Intersolar Europe 2025 - AEP H2 GmbH\",\"isPartOf\":{\"@id\":\"https:\\\/\\\/www.aep.energy\\\/en\\\/#website\"},\"primaryImageOfPage\":{\"@id\":\"https:\\\/\\\/www.aep.energy\\\/en\\\/blog\\\/intersolar-europe-2025\\\/#primaryimage\"},\"image\":{\"@id\":\"https:\\\/\\\/www.aep.energy\\\/en\\\/blog\\\/intersolar-europe-2025\\\/#primaryimage\"},\"thumbnailUrl\":\"https:\\\/\\\/www.aep.energy\\\/wp-content\\\/uploads\\\/2025\\\/05\\\/InterSolar-2025-10.jpeg\",\"datePublished\":\"2025-05-08T12:55:27+00:00\",\"dateModified\":\"2025-05-08T12:55:28+00:00\",\"description\":\"The energy world is on the move - and Intersolar Europe 2025 will show where the journey is heading. As the leading trade fair for solar technology, storage solutions and sustainable energy concepts, it is the central meeting place for everyone involved in the energy transition. AEP is in the thick of it instead of just being there: our team will be on site in Munich for three days to discover innovations, strengthen partnerships and gather new ideas for our work.\",\"breadcrumb\":{\"@id\":\"https:\\\/\\\/www.aep.energy\\\/en\\\/blog\\\/intersolar-europe-2025\\\/#breadcrumb\"},\"inLanguage\":\"en-US\",\"potentialAction\":[{\"@type\":\"ReadAction\",\"target\":[\"https:\\\/\\\/www.aep.energy\\\/en\\\/blog\\\/intersolar-europe-2025\\\/\"]}]},{\"@type\":\"ImageObject\",\"inLanguage\":\"en-US\",\"@id\":\"https:\\\/\\\/www.aep.energy\\\/en\\\/blog\\\/intersolar-europe-2025\\\/#primaryimage\",\"url\":\"https:\\\/\\\/www.aep.energy\\\/wp-content\\\/uploads\\\/2025\\\/05\\\/InterSolar-2025-10.jpeg\",\"contentUrl\":\"https:\\\/\\\/www.aep.energy\\\/wp-content\\\/uploads\\\/2025\\\/05\\\/InterSolar-2025-10.jpeg\",\"width\":2048,\"height\":1536,\"caption\":\"Gerald Wirtl - CEO der AEP H2 GmbH mit Kollegen vor der Messehalle in M\u00fcnchen.\"},{\"@type\":\"BreadcrumbList\",\"@id\":\"https:\\\/\\\/www.aep.energy\\\/en\\\/blog\\\/intersolar-europe-2025\\\/#breadcrumb\",\"itemListElement\":[{\"@type\":\"ListItem\",\"position\":1,\"name\":\"Startseite\",\"item\":\"https:\\\/\\\/www.aep.energy\\\/en\\\/sample-page\\\/\"},{\"@type\":\"ListItem\",\"position\":2,\"name\":\"Intersolar Europe 2025\"}]},{\"@type\":\"WebSite\",\"@id\":\"https:\\\/\\\/www.aep.energy\\\/en\\\/#website\",\"url\":\"https:\\\/\\\/www.aep.energy\\\/en\\\/\",\"name\":\"AEP H2 GmbH\",\"description\":\"Alternative Energie Produkte\",\"publisher\":{\"@id\":\"https:\\\/\\\/www.aep.energy\\\/en\\\/#organization\"},\"potentialAction\":[{\"@type\":\"SearchAction\",\"target\":{\"@type\":\"EntryPoint\",\"urlTemplate\":\"https:\\\/\\\/www.aep.energy\\\/en\\\/?s={search_term_string}\"},\"query-input\":{\"@type\":\"PropertyValueSpecification\",\"valueRequired\":true,\"valueName\":\"search_term_string\"}}],\"inLanguage\":\"en-US\"},{\"@type\":\"Organization\",\"@id\":\"https:\\\/\\\/www.aep.energy\\\/en\\\/#organization\",\"name\":\"AEP H2 GmbH\",\"url\":\"https:\\\/\\\/www.aep.energy\\\/en\\\/\",\"logo\":{\"@type\":\"ImageObject\",\"inLanguage\":\"en-US\",\"@id\":\"https:\\\/\\\/www.aep.energy\\\/en\\\/#\\\/schema\\\/logo\\\/image\\\/\",\"url\":\"https:\\\/\\\/www.aep.energy\\\/wp-content\\\/uploads\\\/2025\\\/02\\\/cropped-aep_logo_1-1.png\",\"contentUrl\":\"https:\\\/\\\/www.aep.energy\\\/wp-content\\\/uploads\\\/2025\\\/02\\\/cropped-aep_logo_1-1.png\",\"width\":512,\"height\":512,\"caption\":\"AEP H2 GmbH\"},\"image\":{\"@id\":\"https:\\\/\\\/www.aep.energy\\\/en\\\/#\\\/schema\\\/logo\\\/image\\\/\"},\"sameAs\":[\"https:\\\/\\\/www.facebook.com\\\/AEPH2GmbH\"]},{\"@type\":\"Person\",\"@id\":\"https:\\\/\\\/www.aep.energy\\\/en\\\/#\\\/schema\\\/person\\\/4762f0add147ebe0af43704bd33633a1\",\"name\":\"jhiesberger\",\"image\":{\"@type\":\"ImageObject\",\"inLanguage\":\"en-US\",\"@id\":\"https:\\\/\\\/secure.gravatar.com\\\/avatar\\\/0f67911eb583180bad19d84c6f15dd73798e1c90ca30feff84d1f25e6816857c?s=96&d=mm&r=g\",\"url\":\"https:\\\/\\\/secure.gravatar.com\\\/avatar\\\/0f67911eb583180bad19d84c6f15dd73798e1c90ca30feff84d1f25e6816857c?s=96&d=mm&r=g\",\"contentUrl\":\"https:\\\/\\\/secure.gravatar.com\\\/avatar\\\/0f67911eb583180bad19d84c6f15dd73798e1c90ca30feff84d1f25e6816857c?s=96&d=mm&r=g\",\"caption\":\"jhiesberger\"},\"url\":\"https:\\\/\\\/www.aep.energy\\\/en\\\/blog\\\/author\\\/admin\\\/\"}]}<\/script>\n<!-- \/ Yoast SEO plugin. -->","yoast_head_json":{"title":"Intersolar Europe 2025 - AEP H2 GmbH","description":"The energy world is on the move - and Intersolar Europe 2025 will show where the journey is heading. As the leading trade fair for solar technology, storage solutions and sustainable energy concepts, it is the central meeting place for everyone involved in the energy transition. AEP is in the thick of it instead of just being there: our team will be on site in Munich for three days to discover innovations, strengthen partnerships and gather new ideas for our work.","robots":{"index":"index","follow":"follow","max-snippet":"max-snippet:-1","max-image-preview":"max-image-preview:large","max-video-preview":"max-video-preview:-1"},"canonical":"https:\/\/www.aep.energy\/en\/blog\/intersolar-europe-2025\/","og_locale":"en_US","og_type":"article","og_title":"Intersolar Europe 2025 - AEP H2 GmbH","og_description":"The energy world is on the move - and Intersolar Europe 2025 will show where the journey is heading. As the leading trade fair for solar technology, storage solutions and sustainable energy concepts, it is the central meeting place for everyone involved in the energy transition. AEP is in the thick of it instead of just being there: our team will be on site in Munich for three days to discover innovations, strengthen partnerships and gather new ideas for our work.","og_url":"https:\/\/www.aep.energy\/en\/blog\/intersolar-europe-2025\/","og_site_name":"AEP H2 GmbH","article_publisher":"https:\/\/www.facebook.com\/AEPH2GmbH","article_published_time":"2025-05-08T12:55:27+00:00","article_modified_time":"2025-05-08T12:55:28+00:00","og_image":[{"width":2048,"height":1536,"url":"https:\/\/www.aep.energy\/wp-content\/uploads\/2025\/05\/InterSolar-2025-10.jpeg","type":"image\/jpeg"}],"author":"jhiesberger","twitter_card":"summary_large_image","twitter_misc":{"Written by":"jhiesberger","Est. reading time":"6 minutes"},"schema":{"@context":"https:\/\/schema.org","@graph":[{"@type":"Article","@id":"https:\/\/www.aep.energy\/en\/blog\/intersolar-europe-2025\/#article","isPartOf":{"@id":"https:\/\/www.aep.energy\/en\/blog\/intersolar-europe-2025\/"},"author":{"name":"jhiesberger","@id":"https:\/\/www.aep.energy\/en\/#\/schema\/person\/4762f0add147ebe0af43704bd33633a1"},"headline":"Intersolar Europe 2025","datePublished":"2025-05-08T12:55:27+00:00","dateModified":"2025-05-08T12:55:28+00:00","mainEntityOfPage":{"@id":"https:\/\/www.aep.energy\/en\/blog\/intersolar-europe-2025\/"},"wordCount":1134,"publisher":{"@id":"https:\/\/www.aep.energy\/en\/#organization"},"image":{"@id":"https:\/\/www.aep.energy\/en\/blog\/intersolar-europe-2025\/#primaryimage"},"thumbnailUrl":"https:\/\/www.aep.energy\/wp-content\/uploads\/2025\/05\/InterSolar-2025-10.jpeg","articleSection":["General"],"inLanguage":"en-US"},{"@type":"WebPage","@id":"https:\/\/www.aep.energy\/en\/blog\/intersolar-europe-2025\/","url":"https:\/\/www.aep.energy\/en\/blog\/intersolar-europe-2025\/","name":"Intersolar Europe 2025 - AEP H2 GmbH","isPartOf":{"@id":"https:\/\/www.aep.energy\/en\/#website"},"primaryImageOfPage":{"@id":"https:\/\/www.aep.energy\/en\/blog\/intersolar-europe-2025\/#primaryimage"},"image":{"@id":"https:\/\/www.aep.energy\/en\/blog\/intersolar-europe-2025\/#primaryimage"},"thumbnailUrl":"https:\/\/www.aep.energy\/wp-content\/uploads\/2025\/05\/InterSolar-2025-10.jpeg","datePublished":"2025-05-08T12:55:27+00:00","dateModified":"2025-05-08T12:55:28+00:00","description":"The energy world is on the move - and Intersolar Europe 2025 will show where the journey is heading. As the leading trade fair for solar technology, storage solutions and sustainable energy concepts, it is the central meeting place for everyone involved in the energy transition. AEP is in the thick of it instead of just being there: our team will be on site in Munich for three days to discover innovations, strengthen partnerships and gather new ideas for our work.","breadcrumb":{"@id":"https:\/\/www.aep.energy\/en\/blog\/intersolar-europe-2025\/#breadcrumb"},"inLanguage":"en-US","potentialAction":[{"@type":"ReadAction","target":["https:\/\/www.aep.energy\/en\/blog\/intersolar-europe-2025\/"]}]},{"@type":"ImageObject","inLanguage":"en-US","@id":"https:\/\/www.aep.energy\/en\/blog\/intersolar-europe-2025\/#primaryimage","url":"https:\/\/www.aep.energy\/wp-content\/uploads\/2025\/05\/InterSolar-2025-10.jpeg","contentUrl":"https:\/\/www.aep.energy\/wp-content\/uploads\/2025\/05\/InterSolar-2025-10.jpeg","width":2048,"height":1536,"caption":"Gerald Wirtl - CEO der AEP H2 GmbH mit Kollegen vor der Messehalle in M\u00fcnchen."},{"@type":"BreadcrumbList","@id":"https:\/\/www.aep.energy\/en\/blog\/intersolar-europe-2025\/#breadcrumb","itemListElement":[{"@type":"ListItem","position":1,"name":"Startseite","item":"https:\/\/www.aep.energy\/en\/sample-page\/"},{"@type":"ListItem","position":2,"name":"Intersolar Europe 2025"}]},{"@type":"WebSite","@id":"https:\/\/www.aep.energy\/en\/#website","url":"https:\/\/www.aep.energy\/en\/","name":"AEP H2 GmbH","description":"Alternative Energie Produkte","publisher":{"@id":"https:\/\/www.aep.energy\/en\/#organization"},"potentialAction":[{"@type":"SearchAction","target":{"@type":"EntryPoint","urlTemplate":"https:\/\/www.aep.energy\/en\/?s={search_term_string}"},"query-input":{"@type":"PropertyValueSpecification","valueRequired":true,"valueName":"search_term_string"}}],"inLanguage":"en-US"},{"@type":"Organization","@id":"https:\/\/www.aep.energy\/en\/#organization","name":"AEP H2 GmbH","url":"https:\/\/www.aep.energy\/en\/","logo":{"@type":"ImageObject","inLanguage":"en-US","@id":"https:\/\/www.aep.energy\/en\/#\/schema\/logo\/image\/","url":"https:\/\/www.aep.energy\/wp-content\/uploads\/2025\/02\/cropped-aep_logo_1-1.png","contentUrl":"https:\/\/www.aep.energy\/wp-content\/uploads\/2025\/02\/cropped-aep_logo_1-1.png","width":512,"height":512,"caption":"AEP H2 GmbH"},"image":{"@id":"https:\/\/www.aep.energy\/en\/#\/schema\/logo\/image\/"},"sameAs":["https:\/\/www.facebook.com\/AEPH2GmbH"]},{"@type":"Person","@id":"https:\/\/www.aep.energy\/en\/#\/schema\/person\/4762f0add147ebe0af43704bd33633a1","name":"jhiesberger","image":{"@type":"ImageObject","inLanguage":"en-US","@id":"https:\/\/secure.gravatar.com\/avatar\/0f67911eb583180bad19d84c6f15dd73798e1c90ca30feff84d1f25e6816857c?s=96&d=mm&r=g","url":"https:\/\/secure.gravatar.com\/avatar\/0f67911eb583180bad19d84c6f15dd73798e1c90ca30feff84d1f25e6816857c?s=96&d=mm&r=g","contentUrl":"https:\/\/secure.gravatar.com\/avatar\/0f67911eb583180bad19d84c6f15dd73798e1c90ca30feff84d1f25e6816857c?s=96&d=mm&r=g","caption":"jhiesberger"},"url":"https:\/\/www.aep.energy\/en\/blog\/author\/admin\/"}]}},"_links":{"self":[{"href":"https:\/\/www.aep.energy\/en\/wp-json\/wp\/v2\/posts\/2238","targetHints":{"allow":["GET"]}}],"collection":[{"href":"https:\/\/www.aep.energy\/en\/wp-json\/wp\/v2\/posts"}],"about":[{"href":"https:\/\/www.aep.energy\/en\/wp-json\/wp\/v2\/types\/post"}],"author":[{"embeddable":true,"href":"https:\/\/www.aep.energy\/en\/wp-json\/wp\/v2\/users\/1"}],"replies":[{"embeddable":true,"href":"https:\/\/www.aep.energy\/en\/wp-json\/wp\/v2\/comments?post=2238"}],"version-history":[{"count":7,"href":"https:\/\/www.aep.energy\/en\/wp-json\/wp\/v2\/posts\/2238\/revisions"}],"predecessor-version":[{"id":2264,"href":"https:\/\/www.aep.energy\/en\/wp-json\/wp\/v2\/posts\/2238\/revisions\/2264"}],"wp:featuredmedia":[{"embeddable":true,"href":"https:\/\/www.aep.energy\/en\/wp-json\/wp\/v2\/media\/2245"}],"wp:attachment":[{"href":"https:\/\/www.aep.energy\/en\/wp-json\/wp\/v2\/media?parent=2238"}],"wp:term":[{"taxonomy":"category","embeddable":true,"href":"https:\/\/www.aep.energy\/en\/wp-json\/wp\/v2\/categories?post=2238"},{"taxonomy":"post_tag","embeddable":true,"href":"https:\/\/www.aep.energy\/en\/wp-json\/wp\/v2\/tags?post=2238"}],"curies":[{"name":"wp","href":"https:\/\/api.w.org\/{rel}","templated":true}]}}